{"id":169,"date":"2015-04-04T10:57:05","date_gmt":"2015-04-04T08:57:05","guid":{"rendered":"http:\/\/www.logbuch-iss.de\/?p=169"},"modified":"2026-03-16T18:01:51","modified_gmt":"2026-03-16T18:01:51","slug":"l130-logbuch","status":"publish","type":"post","link":"https:\/\/www.logbuch-iss.de\/?p=169","title":{"rendered":"L+130: Logbuch"},"content":{"rendered":"<p>Hey, ich bin sicher, dass ihr es schon geh\u00f6rt habt: wir haben zwei neue Besatzungsmitglieder hier auf der ISS, welche &#8211; kein Witz &#8211; f\u00fcr ein ganzes Jahr bleiben werden!<\/p>\n<p>Dies d\u00fcrfte die erste von mehreren Langzeitmissionen sein und der Hauptgrund daf\u00fcr ist die Beobachtung der menschlichen Physiologie und Gesundheit w\u00e4hrend l\u00e4ngerer Aufenthalte statt der standardm\u00e4\u00dfigen 6 Monats-Missionen. Es \u00fcberrascht also nicht, dass Scott und Misha bereits intensiver \u201eunter dem Mikroskop liegen\u201c als z.B. Terry oder ich.<\/p>\n<p>Es gibt eine breit gef\u00e4cherte Zahl von Untersuchungen, die diverse Aspekte ihres Anpassungsprozesses anvisiert und all diese Experimente ben\u00f6tigt Daten vom Beginn der Mission.<\/p>\n<p>Heute war ein wichtiger Tag f\u00fcr die Erforschung der Augengesundheit!<br \/>\nMein Arbeitstag endete mit Sitzungen in denen ich Scott und Misha beim Erstellen von Fundoskopie-Bildern ihrer Augen unterst\u00fctze, aber bereits vor unserer Tagesplanungskonferenz hatte ich den Aufgabe, unsere optische Koh\u00e4renztomographiemaschine (Optical Coherence Tomography &#8211; OCT) f\u00fcr ihre Augen Scans aufzubauen.<\/p>\n<p>Gennady assistierte Misha bevor ich dran war, Scott zu assistieren. Ich muss zugeben, dass ich diese Scans immer ein wenig f\u00fcrchte: gute Scans durchzuf\u00fchren ist nicht immer einfach und es ist nicht un\u00fcblich, sie mehrere Male wiederholen zu m\u00fcssen, um ein zufriedenstellendes Ergebnis zu erzielen. Es kann ein wenig frustrierend f\u00fcr den Operator und erm\u00fcdend f\u00fcr die Untersuchungsperson sein, welche ihre\/seine Augen f\u00fcr eine lange Dauer ruhig und offen halten muss.<\/p>\n<p>Wir haben sehr gute Anleiter, welche die Show vom Boden steuern, sie bekommen das Bild von unserem Laptop allerdings mit einer minimalen Verz\u00f6gerung gestreamed, was es manchmal schwierig macht, Echtzeit-Anleitung zu geben, wenn sich das Bild so schnell \u00e4ndert. Doch ich musste mir heute wirklich keine Sorgen machen. Scott ist darin ein Naturtalent! Er ist die perfekte Untersuchungsperson (zumindest eine sehr viel bessere als ich): sein Blick war so ruhig, dass w\u00e4hrend der Scans nur minimale Anpassungen der Linsenposition n\u00f6tig waren, um die ben\u00f6tigten Schichten im Blick zu halten, was meinen Job recht einfach macht. Danke, Scott!<\/p>\n<p>Zwischen den Augenuntersuchungssitzungen und einigen kleineren Aufgaben (wie Fehlerbehebung an unserem Merlin K\u00fchlschrank) hatte ich heute drei Videokonferenzen mit Leuten am Boden &#8211; ein bisschen un\u00fcblich, typischerweise verteilen diese sich \u00fcber die Woche. Neben den w\u00f6chentlichen Videokonferenzen mit meiner Flugkoordinateurin Brigitte sprach ich mit ESA Kollegen im COL-CC und ESTEC: der Missionsdirektor und der leitende Flugdirektor, wie auch die diensthabenden Eurocom Kollegen und der Wissenschaftsdirektor der Mission. Art\u00e4hnlich hatten Scott, Terry und ich am Abend unsere w\u00f6chentliche Konferenz mit Houston und Huntsville f\u00fcr die NASA Perspektive und ein Update der aktuellen T\u00e4tigkeiten vom leitenden Flugdirektor und dem Rest des Teams von Expedition 43.<\/p>\n<p>Wenn ihr den live-Feed von der Raumstation sowie Weltraum-zu-Boden (space-to-ground) Nachrichten verfolgt, habt ihr sicher schon mitbekommen, dass ihr solche Konferenzen nicht h\u00f6rt: das liegt daran, dass die Missionskontrolle Einschr\u00e4nkungen anf\u00fchrt, sodass niemand au\u00dfer den beteiligten Parteien die Gespr\u00e4che h\u00f6ren kann. Wie ihr euch vorstellen k\u00f6nnt, ist das besonders wichtig f\u00fcr die regelm\u00e4\u00dfigen medizinischen und physiologischen Konferenzen, aber auch f\u00fcr die w\u00f6chentlichen Familienkonferenzen, wie auch f\u00fcr aus der Ferne gesteuerte Untersuchungen an menschlichen Untersuchungsobjekten, wie z.B. Ultraschall oder die heutigen OCT Scans.<\/p>\n<p>Au\u00dferdem arbeitete ich heute an der Wasserbalance. Wie ihr sicher wisst, recyceln wir all das Wasser an Bord mithilfe einem Ger\u00e4t namens \u201eWasser-Verarbeitungs-Anlage\u201c (Water Processing Assembly &#8211; WPA). WPA hatte in letzter Zeit etwas Schluckauf, weswegen es aktuell kein Trinkwasser produziert. Aber keine Panik! Wir haben noch reichlich Wasser in den Leitungen und viele volle Wassers\u00e4cke. W\u00e4hrend die Spezialisten am Boden einen vorausschauenden Plan zur Fehlerbehebung an WPA entwickeln, gibt es ein bisschen Arbeit, um eine ordentliche Wasserqualit\u00e4t beizubehalten.<\/p>\n<p>Schaut f\u00fcr mehr Infos in die Bildbeschreibungen!<\/p>\n<p><a href=\"https:\/\/www.logbuch-iss.de\/wp-content\/uploads\/2015\/04\/130_1-1.jpg\" target=\"_blank\"><img loading=\"lazy\" decoding=\"async\" class=\"aligncenter size-large wp-image-170\" src=\"https:\/\/www.logbuch-iss.de\/wp-content\/uploads\/2015\/04\/130_1-1-1024x682.jpg\" alt=\"130_1\" width=\"474\" height=\"316\" srcset=\"https:\/\/www.logbuch-iss.de\/wp-content\/uploads\/2015\/04\/130_1-1-1024x682.jpg 1024w, https:\/\/www.logbuch-iss.de\/wp-content\/uploads\/2015\/04\/130_1-1-300x200.jpg 300w, https:\/\/www.logbuch-iss.de\/wp-content\/uploads\/2015\/04\/130_1-1-768x511.jpg 768w, https:\/\/www.logbuch-iss.de\/wp-content\/uploads\/2015\/04\/130_1-1-1536x1022.jpg 1536w, https:\/\/www.logbuch-iss.de\/wp-content\/uploads\/2015\/04\/130_1-1.jpg 1600w\" sizes=\"auto, (max-width: 474px) 100vw, 474px\" \/><\/a><br \/>\nWir haben unser Wasser in diesen S\u00e4cken, genannt CWC-I. Der Buchstabe I (und die Farbe Lila auf dem Etikett) zeigen an, dass er jodiertes Wasser enth\u00e4lt &#8211; Jod ist unserem Trinkwasser f\u00fcr die Kontrolle von Mikroorganismen hinzugef\u00fcgt, wird dem Wasser aber am Spender vor der Ausgabe wieder entzogen. Es ist wichtig, ordentliche Etiketten auf den S\u00e4cken zu haben: braune Etiketten z.B. kennzeichnen Kondenswasser (r\u00fcckgewonnenes, noch nicht wiederverarbeitetes Wasser). Wenn man Kondenswasser in einen \u201elilanen Sack\u201c f\u00fcllt, w\u00e4re dieser Sack verunreinigt und man k\u00f6nnte kein Trinkwasser mehr hinein f\u00fcllen.<\/p>\n<p><a href=\"https:\/\/www.logbuch-iss.de\/wp-content\/uploads\/2015\/04\/130_2-1.jpg\" target=\"_blank\"><img loading=\"lazy\" decoding=\"async\" class=\"aligncenter size-large wp-image-171\" src=\"https:\/\/www.logbuch-iss.de\/wp-content\/uploads\/2015\/04\/130_2-1-1024x682.jpg\" alt=\"130_2\" width=\"474\" height=\"316\" srcset=\"https:\/\/www.logbuch-iss.de\/wp-content\/uploads\/2015\/04\/130_2-1-1024x682.jpg 1024w, https:\/\/www.logbuch-iss.de\/wp-content\/uploads\/2015\/04\/130_2-1-300x200.jpg 300w, https:\/\/www.logbuch-iss.de\/wp-content\/uploads\/2015\/04\/130_2-1-768x511.jpg 768w, https:\/\/www.logbuch-iss.de\/wp-content\/uploads\/2015\/04\/130_2-1-1536x1022.jpg 1536w, https:\/\/www.logbuch-iss.de\/wp-content\/uploads\/2015\/04\/130_2-1.jpg 1600w\" sizes=\"auto, (max-width: 474px) 100vw, 474px\" \/><\/a><\/p>\n<p><a href=\"https:\/\/www.logbuch-iss.de\/wp-content\/uploads\/2015\/04\/130_3-1.jpg\" target=\"_blank\"><img loading=\"lazy\" decoding=\"async\" class=\"aligncenter size-large wp-image-172\" src=\"https:\/\/www.logbuch-iss.de\/wp-content\/uploads\/2015\/04\/130_3-1-1024x682.jpg\" alt=\"130_3\" width=\"474\" height=\"316\" srcset=\"https:\/\/www.logbuch-iss.de\/wp-content\/uploads\/2015\/04\/130_3-1-1024x682.jpg 1024w, https:\/\/www.logbuch-iss.de\/wp-content\/uploads\/2015\/04\/130_3-1-300x200.jpg 300w, https:\/\/www.logbuch-iss.de\/wp-content\/uploads\/2015\/04\/130_3-1-768x511.jpg 768w, https:\/\/www.logbuch-iss.de\/wp-content\/uploads\/2015\/04\/130_3-1-1536x1022.jpg 1536w, https:\/\/www.logbuch-iss.de\/wp-content\/uploads\/2015\/04\/130_3-1.jpg 1600w\" sizes=\"auto, (max-width: 474px) 100vw, 474px\" \/><\/a><br \/>\nScott und ich arbeiten an seinen ersten Scans mit dem optischen Koh\u00e4renztomographen. Er wird diese Scans f\u00fcr das n\u00e4chste Jahr jeden Monat wiederholen.<\/p>\n<p>Originaler Logbucheintrag bei Google+<br \/>\nhttps:\/\/plus.google.com\/u\/0\/+SamanthaCristoforetti\/posts\/5wtSLNsH2AM<\/p>\n<p>(Trad IT)\u00a0 Traduzione in italiano a cura di <span class=\"proflinkWrapper\"><span class=\"proflinkPrefix\">+<\/span><a class=\"proflink aaTEdf\" href=\"https:\/\/plus.google.com\/110521588293795504129\" target=\"_blank\">AstronautiNEWS<\/a><\/span>\u00a0 qui:<br \/>\n<a class=\"ot-anchor aaTEdf\" dir=\"ltr\" href=\"http:\/\/www.astronautinews.it\/tag\/logbook\" target=\"_blank\" rel=\"nofollow\">http:\/\/www.astronautinews.it\/tag\/logbook<\/a><\/p>\n<p>(Trad FR) Traduction en fran\u00e7ais par <span class=\"proflinkWrapper\"><span class=\"proflinkPrefix\">+<\/span><a class=\"proflink aaTEdf\" href=\"https:\/\/plus.google.com\/111492230072461896562\" target=\"_blank\">Anne Cpamoa<\/a><\/span> ici:<br \/>\n<a class=\"ot-anchor aaTEdf\" dir=\"ltr\" href=\"https:\/\/spacetux.org\/cpamoa\/category\/traductions\/logbook-samantha\" target=\"_blank\" rel=\"nofollow\">https:\/\/spacetux.org\/cpamoa\/category\/traductions\/logbook-samantha<\/a><\/p>\n<p>(Trad ES) Tradducci\u00f3n en espa\u00f1ol por <span class=\"proflinkWrapper\"><span class=\"proflinkPrefix\">+<\/span><a class=\"proflink aaTEdf\" href=\"https:\/\/plus.google.com\/113164228795140737261\" target=\"_blank\">Carlos Lallana Borobio<\/a><\/span> aqui:<br \/>\n<a class=\"ot-anchor aaTEdf\" dir=\"ltr\" href=\"http:\/\/laesteladegagarin.blogspot.com.es\/search\/label\/SamLogBook\" target=\"_blank\" rel=\"nofollow\">http:\/\/laesteladegagarin.blogspot.com.es\/search\/label\/SamLogBook<\/a><\/p>\n<p>Alle Bilder\u00a0\u00a9 ESA\/NASA<\/p>\n","protected":false},"excerpt":{"rendered":"<p>Hey, ich bin sicher, dass ihr es schon geh\u00f6rt habt: wir haben zwei neue Besatzungsmitglieder hier auf der ISS, welche &#8211; kein Witz &#8211; f\u00fcr ein ganzes Jahr bleiben werden! Dies d\u00fcrfte die erste von mehreren Langzeitmissionen sein und der Hauptgrund daf\u00fcr ist die Beobachtung der menschlichen Physiologie und Gesundheit w\u00e4hrend l\u00e4ngerer Aufenthalte statt der &hellip; <a href=\"https:\/\/www.logbuch-iss.de\/?p=169\" class=\"more-link\"><span class=\"screen-reader-text\">L+130: Logbuch<\/span> weiterlesen <span class=\"meta-nav\">&rarr;<\/span><\/a><\/p>\n","protected":false},"author":1,"featured_media":170,"comment_status":"closed","ping_status":"closed","sticky":false,"template":"","format":"standard","meta":{"footnotes":""},"categories":[2],"tags":[9,16,26,28,29,33,34,35,36,47,48,51,65,66,67,70,71,81],"class_list":["post-169","post","type-post","status-publish","format-standard","has-post-thumbnail","hentry","category-allgemein","tag-ausseneinsatz","tag-cristoforetti","tag-esa","tag-expedition-42","tag-expedition42","tag-futura","tag-futura42","tag-international","tag-internationale","tag-logbook","tag-logbuch","tag-nasa","tag-raumstation","tag-samantha","tag-samlogbook","tag-space","tag-station","tag-wasser"],"_links":{"self":[{"href":"https:\/\/www.logbuch-iss.de\/index.php?rest_route=\/wp\/v2\/posts\/169","targetHints":{"allow":["GET"]}}],"collection":[{"href":"https:\/\/www.logbuch-iss.de\/index.php?rest_route=\/wp\/v2\/posts"}],"about":[{"href":"https:\/\/www.logbuch-iss.de\/index.php?rest_route=\/wp\/v2\/types\/post"}],"author":[{"embeddable":true,"href":"https:\/\/www.logbuch-iss.de\/index.php?rest_route=\/wp\/v2\/users\/1"}],"replies":[{"embeddable":true,"href":"https:\/\/www.logbuch-iss.de\/index.php?rest_route=%2Fwp%2Fv2%2Fcomments&post=169"}],"version-history":[{"count":1,"href":"https:\/\/www.logbuch-iss.de\/index.php?rest_route=\/wp\/v2\/posts\/169\/revisions"}],"predecessor-version":[{"id":338,"href":"https:\/\/www.logbuch-iss.de\/index.php?rest_route=\/wp\/v2\/posts\/169\/revisions\/338"}],"wp:featuredmedia":[{"embeddable":true,"href":"https:\/\/www.logbuch-iss.de\/index.php?rest_route=\/wp\/v2\/media\/170"}],"wp:attachment":[{"href":"https:\/\/www.logbuch-iss.de\/index.php?rest_route=%2Fwp%2Fv2%2Fmedia&parent=169"}],"wp:term":[{"taxonomy":"category","embeddable":true,"href":"https:\/\/www.logbuch-iss.de\/index.php?rest_route=%2Fwp%2Fv2%2Fcategories&post=169"},{"taxonomy":"post_tag","embeddable":true,"href":"https:\/\/www.logbuch-iss.de\/index.php?rest_route=%2Fwp%2Fv2%2Ftags&post=169"}],"curies":[{"name":"wp","href":"https:\/\/api.w.org\/{rel}","templated":true}]}}