{"id":145,"date":"2015-03-05T11:15:52","date_gmt":"2015-03-05T10:15:52","guid":{"rendered":"http:\/\/www.logbuch-iss.de\/?p=145"},"modified":"2026-03-16T18:02:04","modified_gmt":"2026-03-16T18:02:04","slug":"l100-l101-logbuch","status":"publish","type":"post","link":"https:\/\/www.logbuch-iss.de\/?p=145","title":{"rendered":"L+100 &#8211; L+101: Logbuch"},"content":{"rendered":"<p>Das Logbuch ist zur\u00fcck!<\/p>\n<p>Entschuldigt den langen Signalverlust, aber es war eine arbeitsreiche Zeit: Drei Weltraumspazierg\u00e4nge in 8 Tagen k\u00f6nnen den Tag wirklich ausf\u00fcllen und ich hatte das Gef\u00fchl, dass ich mich zu 100% auf meine Aufgabe konzentrieren musste.<\/p>\n<p>Mehrere Stunden Arbeit an Luftschleusen und zwei Besatzungskameraden sicher hinaus zu bringen &#8211; und das so schnell wie m\u00f6glich &#8211; ben\u00f6tigen volle Aufmerksamkeit: Bei weitem das herausforderndste, was ich im Orbit bisher machen musste und, das erste Mal, definitiv etwas stressig.<\/p>\n<p>Au\u00dfeneins\u00e4tze sind meist sehr detailliert im Internet beschrieben, daher gehe ich davon aus, dass Ihr schon mehr wisst, als ich euch erz\u00e4hlen k\u00f6nnte. Und soweit es meinen Job als IV betrifft, falls ihr neugierig seid, k\u00f6nnt ihr euch ein paar Logbucheintr\u00e4ge vom Training anschauen \u00fcber vorher-und-nachher Unterricht, in dem wir Arbeiten an den Luftschleusen und pr\u00e4-Atem Protokolle trainieren. Schaut euch z.B. Logbuch L-70 an:<\/p>\n<p><a href=\"https:\/\/plus.google.com\/+SamanthaCristoforetti\/posts\/HhCxe72awiq\" target=\"_blank\">https:\/\/plus.google.com\/+SamanthaCristoforetti\/posts\/HhCxe72awiq<\/a> (Englisch)<\/p>\n<p>Nat\u00fcrlich sind einige Dinge schwierig am Boden zu trainieren. Zum Beispiel die SAFERs, der \u201eRaketenrucksack\u201c (jetpack), der an den Raumanz\u00fcgen befestigt ist, um sich im Notfall des Losl\u00f6sens von der Station selbst retten zu k\u00f6nnen: am Boden lernen wir, die Verschl\u00fcsse zu bedienen, mit denen sie am Anzug befestigt werden, aber im All ist es eine ganz anderen Angelegenheit, Anzug und SAFER zu handhaben. Schwere, klobige Dinge haben hier oben kein Gewicht, sie haben aber immer noch Masse, Stichwort Massentr\u00e4gheit.<\/p>\n<p>Jedenfalls ging alles gut, Butch und Terry machten drau\u00dfen einen ausgezeichneten Job, Anton war eine kostbare Hilfe in der Luftschleuse und nun holen wir alle wieder Luft, w\u00e4hrend wir zu einer weniger hektischen Gangart \u00fcbergehen.<\/p>\n<p>Au\u00dferdem n\u00e4hern wir uns schnell dem Ende von Expedition 42, was bedeutet, dass Butch, Sasha und Elena sich bereit machen f\u00fcr ihren feurigen Ritt zur\u00fcck zum Planeten Erde n\u00e4chste Woche.<\/p>\n<p>Terry, Anton und ich werden f\u00fcr ein paar Wochen unter uns sein, bis Scott, Misha und Gennady Ende M\u00e4rz zu uns sto\u00dfen.<\/p>\n<p>Tats\u00e4chlich haben unsere bald abreisenden Besatzungskameraden gestern ihre Sokol Anz\u00fcge f\u00fcr einen pr\u00e4-Wiedereintritts-Dichtigkeitscheck angezogen und ich beobachtete Elena und Sasha, wie sie an einem Simulator im Servicemodul den manuellen Wiedereintritt mit der Soyuz trainierten.<\/p>\n<p>Au\u00dferdem machen wir Fracht f\u00fcr die R\u00fcckkehr bereit: heute habe ich z.B. Wasserproben von all unseren portablen Wasserabgabestationen genommen und sie f\u00fcr die R\u00fcckkehr an Board der Soyuz verstaut.<\/p>\n<p>Die Vorbereitungen f\u00fcr die Ankunft der n\u00e4chsten Besatzung haben ebenso begonnen. Gestern arbeitete ich an Fracht, die mit dem russischen Versorgungsschiff Progress kam, unter anderem Scotts Kleidung und Hygieneartikel.<\/p>\n<p>Wir haben unsere kleine Weltraum-Garderobe in Node 2, in der N\u00e4he unserer Schlafkabinen: jeder von uns hat einen gro\u00dfen, starren Beutel mit unserer pers\u00f6nlichen Kleidung, gr\u00f6\u00dftenteils verstaut in Rei\u00dfverschlussbeuteln, welche jeweils 2 Wochen abdecken (wir nennen sie \u201eZiegelsteine\u201c).<\/p>\n<p>Butch, effizient wie immer, hatte seinen Beutel bereits geleert, also Scott\u2026falls du das hier liest\u2026deine Kleidung ist bereits sch\u00f6n hier oben in Node 2 sortiert! Ich bin nur nicht sicher, ob es genug f\u00fcr ein Jahr sind: ich wette, es kommt sp\u00e4ter noch mehr.<\/p>\n<p>\u00dcbrigens, gestern war unser 100. Tag im All! Gut, genau genommen stimmt das nur f\u00fcr mich, da Terry und Anton bereits vorher im All waren, aber es war sicher unser 100. Gemeinsamer Tag im All. Etwas erschreckend, oder? Verglichen mit der Zeit, die wir bereits hinter uns haben, wirkt die, die wir noch vor uns haben, wenig \u2013 nur noch 2 Monate.<\/p>\n<p>Nat\u00fcrlich gibt es Dinge auf der Erde, die mir fehlen \u2013 eine Dusche ist ziemlich weit oben auf der Liste \u2013 aber es wird wirklich hart werden, die Raumstation zu verlassen. In den letzten 100 Tagen ging es f\u00fcr mich gedanklich von unkontrollierbarer Begeisterung und kontinuierlicher Neuentdeckung \u00fcber zu Vertrautheit und stiller Zuneigung gegen\u00fcber der Raumstation selbst, unserer Besatzung und den Teams am Boden, die \u00fcber die ganze Welt verteilt sind und mit denen ich t\u00e4glich interagiere. Es f\u00fchlt sich nach Heimat an und \u2013 nebenbei &#8211; eine Heimat, in der man schweben kann, bietet eine unschlagbare Aussicht aus dem Fenster!<\/p>\n<p><a href=\"https:\/\/www.logbuch-iss.de\/wp-content\/uploads\/2015\/03\/100-101_1-1.jpg\" target=\"_blank\"><img loading=\"lazy\" decoding=\"async\" class=\"aligncenter wp-image-146 size-large\" src=\"https:\/\/www.logbuch-iss.de\/wp-content\/uploads\/2015\/03\/100-101_1-1-1024x682.jpg\" alt=\"100-101_1\" width=\"474\" height=\"316\" srcset=\"https:\/\/www.logbuch-iss.de\/wp-content\/uploads\/2015\/03\/100-101_1-1-1024x682.jpg 1024w, https:\/\/www.logbuch-iss.de\/wp-content\/uploads\/2015\/03\/100-101_1-1-300x200.jpg 300w, https:\/\/www.logbuch-iss.de\/wp-content\/uploads\/2015\/03\/100-101_1-1-768x511.jpg 768w, https:\/\/www.logbuch-iss.de\/wp-content\/uploads\/2015\/03\/100-101_1-1-1536x1022.jpg 1536w, https:\/\/www.logbuch-iss.de\/wp-content\/uploads\/2015\/03\/100-101_1-1.jpg 1600w\" sizes=\"auto, (max-width: 474px) 100vw, 474px\" \/><\/a><\/p>\n<p>Originaler Logbucheintrag bei Google+<br \/>\nhttps:\/\/plus.google.com\/u\/0\/112628950566484266163\/posts\/FwjrR3RoQNF<\/p>\n<p>(Trad IT)\u00a0 Traduzione in italiano a cura di <span class=\"proflinkWrapper\"><span class=\"proflinkPrefix\">+<\/span><a class=\"proflink aaTEdf\" href=\"https:\/\/plus.google.com\/110521588293795504129\" target=\"_blank\">AstronautiNEWS<\/a><\/span>\u00a0 qui:<br \/>\n<a class=\"ot-anchor aaTEdf\" dir=\"ltr\" href=\"http:\/\/www.astronautinews.it\/tag\/logbook\" target=\"_blank\" rel=\"nofollow\">http:\/\/www.astronautinews.it\/tag\/logbook<\/a><\/p>\n<p>(Trad FR) Traduction en fran\u00e7ais par <span class=\"proflinkWrapper\"><span class=\"proflinkPrefix\">+<\/span><a class=\"proflink aaTEdf\" href=\"https:\/\/plus.google.com\/111492230072461896562\" target=\"_blank\">Anne Cpamoa<\/a><\/span> ici:<br \/>\n<a class=\"ot-anchor aaTEdf\" dir=\"ltr\" href=\"https:\/\/spacetux.org\/cpamoa\/category\/traductions\/logbook-samantha\" target=\"_blank\" rel=\"nofollow\">https:\/\/spacetux.org\/cpamoa\/category\/traductions\/logbook-samantha<\/a><\/p>\n<p>(Trad ES) Tradducci\u00f3n en espa\u00f1ol por <span class=\"proflinkWrapper\"><span class=\"proflinkPrefix\">+<\/span><a class=\"proflink aaTEdf\" href=\"https:\/\/plus.google.com\/113164228795140737261\" target=\"_blank\">Carlos Lallana Borobio<\/a><\/span> aqui:<br \/>\n<a class=\"ot-anchor aaTEdf\" dir=\"ltr\" href=\"http:\/\/laesteladegagarin.blogspot.com.es\/search\/label\/SamLogBook\" target=\"_blank\" rel=\"nofollow\">http:\/\/laesteladegagarin.blogspot.com.es\/search\/label\/SamLogBook<\/a><\/p>\n<p>Alle Bilder\u00a0\u00a9 ESA\/NASA<\/p>\n","protected":false},"excerpt":{"rendered":"<p>Das Logbuch ist zur\u00fcck! Entschuldigt den langen Signalverlust, aber es war eine arbeitsreiche Zeit: Drei Weltraumspazierg\u00e4nge in 8 Tagen k\u00f6nnen den Tag wirklich ausf\u00fcllen und ich hatte das Gef\u00fchl, dass ich mich zu 100% auf meine Aufgabe konzentrieren musste. Mehrere Stunden Arbeit an Luftschleusen und zwei Besatzungskameraden sicher hinaus zu bringen &#8211; und das so &hellip; <a href=\"https:\/\/www.logbuch-iss.de\/?p=145\" class=\"more-link\"><span class=\"screen-reader-text\">L+100 &#8211; L+101: Logbuch<\/span> weiterlesen <span class=\"meta-nav\">&rarr;<\/span><\/a><\/p>\n","protected":false},"author":1,"featured_media":146,"comment_status":"closed","ping_status":"closed","sticky":false,"template":"","format":"standard","meta":{"footnotes":""},"categories":[2],"tags":[9,16,26,28,29,33,34,35,36,47,48,51,58,61,65,66,67,71,82],"class_list":["post-145","post","type-post","status-publish","format-standard","has-post-thumbnail","hentry","category-allgemein","tag-ausseneinsatz","tag-cristoforetti","tag-esa","tag-expedition-42","tag-expedition42","tag-futura","tag-futura42","tag-international","tag-internationale","tag-logbook","tag-logbuch","tag-nasa","tag-node-2","tag-node2","tag-raumstation","tag-samantha","tag-samlogbook","tag-station","tag-weltraumspaziergang"],"_links":{"self":[{"href":"https:\/\/www.logbuch-iss.de\/index.php?rest_route=\/wp\/v2\/posts\/145","targetHints":{"allow":["GET"]}}],"collection":[{"href":"https:\/\/www.logbuch-iss.de\/index.php?rest_route=\/wp\/v2\/posts"}],"about":[{"href":"https:\/\/www.logbuch-iss.de\/index.php?rest_route=\/wp\/v2\/types\/post"}],"author":[{"embeddable":true,"href":"https:\/\/www.logbuch-iss.de\/index.php?rest_route=\/wp\/v2\/users\/1"}],"replies":[{"embeddable":true,"href":"https:\/\/www.logbuch-iss.de\/index.php?rest_route=%2Fwp%2Fv2%2Fcomments&post=145"}],"version-history":[{"count":1,"href":"https:\/\/www.logbuch-iss.de\/index.php?rest_route=\/wp\/v2\/posts\/145\/revisions"}],"predecessor-version":[{"id":340,"href":"https:\/\/www.logbuch-iss.de\/index.php?rest_route=\/wp\/v2\/posts\/145\/revisions\/340"}],"wp:featuredmedia":[{"embeddable":true,"href":"https:\/\/www.logbuch-iss.de\/index.php?rest_route=\/wp\/v2\/media\/146"}],"wp:attachment":[{"href":"https:\/\/www.logbuch-iss.de\/index.php?rest_route=%2Fwp%2Fv2%2Fmedia&parent=145"}],"wp:term":[{"taxonomy":"category","embeddable":true,"href":"https:\/\/www.logbuch-iss.de\/index.php?rest_route=%2Fwp%2Fv2%2Fcategories&post=145"},{"taxonomy":"post_tag","embeddable":true,"href":"https:\/\/www.logbuch-iss.de\/index.php?rest_route=%2Fwp%2Fv2%2Ftags&post=145"}],"curies":[{"name":"wp","href":"https:\/\/api.w.org\/{rel}","templated":true}]}}