{"id":137,"date":"2015-02-16T12:11:20","date_gmt":"2015-02-16T11:11:20","guid":{"rendered":"http:\/\/www.logbuch-iss.de\/?p=137"},"modified":"2026-03-16T18:02:04","modified_gmt":"2026-03-16T18:02:04","slug":"l80-l82-logbuch","status":"publish","type":"post","link":"https:\/\/www.logbuch-iss.de\/?p=137","title":{"rendered":"L+80 &#8211; L+82: Logbuch"},"content":{"rendered":"<p>Nach einem eng gesteckten Zeitplan am Wochenende, um Dragon f\u00fcr den Abflug und die Losl\u00f6sung am Dienstag bereit zu machen, hatten wir am Mittwoch einen Tag frei. Hurra!<\/p>\n<p>Ich bin eine Nachteule, also schlafe ich gern aus, wenn ich kann. Dienstagabend, bevor ich zu Bett ging, pr\u00fcfte ich noch einmal den Zeitplan f\u00fcr Mittwoch um sicherzugehen, dass ich keinen Wecker stellen musste. Best\u00e4tigt! Also lie\u00df ich Mittwochmorgen gegen 9:30 Uhr wie \u00fcblich die Arme aus meinem Schlafsack gleiten und checkte auf meinem Laptop den Zeitplan und die Tageszusammenfassung, eine Nachricht vom Boden mit Informationen \u00fcber den Zustand der Raumstation und Fragen\/Antworten\/Nachrichten f\u00fcr die Besatzung. Ihr k\u00f6nnt euch vorstellen, dass ich \u00fcberrascht war, als ich f\u00fcr 7:30 Uhr morgens eine Aktivit\u00e4t auf dem Zeitplan sah. Wir konnte ich das am Abend zuvor \u00fcbersehen haben? Und sollten wir nicht einen Tag frei haben? Und wie ernst war es, dass ich es noch nicht erledigt hatte? Aber unser Kommandant Butch ist immer schon um 5 Uhr auf, also h\u00e4tte er mich n\u00f6tigenfalls sicher geweckt, oder? Also, keine Panik, lasst uns sehen, worum es hier geht&#8230;<\/p>\n<p>Nun, seht euch das Bild mit einem Schnappschuss der Aufgabe an. Ich lasse euch entscheiden: unsere Bodenkontrolle hat einen guten Sinn f\u00fcr Humor, oder? Wir verpassten die Lesung an diesem Tag und es tut mir leid, berichten zu m\u00fcssen, dass ich an der angegebenen Position kein Per Anhalter durch die Galaxis finden konnte, aber wir machen das irgendwie wieder gut!<\/p>\n<p><a href=\"https:\/\/www.logbuch-iss.de\/wp-content\/uploads\/2015\/02\/80-82_1-1.jpg\" target=\"_blank\"><img loading=\"lazy\" decoding=\"async\" class=\"aligncenter wp-image-138 size-medium\" src=\"https:\/\/www.logbuch-iss.de\/wp-content\/uploads\/2015\/02\/80-82_1-1-225x300.jpg\" alt=\"80-82_1\" width=\"225\" height=\"300\" srcset=\"https:\/\/www.logbuch-iss.de\/wp-content\/uploads\/2015\/02\/80-82_1-1-225x300.jpg 225w, https:\/\/www.logbuch-iss.de\/wp-content\/uploads\/2015\/02\/80-82_1-1-770x1024.jpg 770w, https:\/\/www.logbuch-iss.de\/wp-content\/uploads\/2015\/02\/80-82_1-1-768x1022.jpg 768w, https:\/\/www.logbuch-iss.de\/wp-content\/uploads\/2015\/02\/80-82_1-1.jpg 796w\" sizes=\"auto, (max-width: 225px) 100vw, 225px\" \/><\/a><\/p>\n<p>Donnerstag und Freitag gingen wir wieder zum normalen Zeitplan \u00fcber. Ich war f\u00fcr Butch Anwender bei einigen Augenuntersuchungen als Bestandteil von \u201eOcular Health\u201c, wof\u00fcr er Versuchsperson ist: ich half ihm beim Ultraschall, bei der optischen Koh\u00e4renztomografie und Funduskopie, indem ich Bilder seiner Augen machte &#8211; und das auf mehr Art und Weisen, als ich mir vor dem ISS Training je h\u00e4tte vorstellen k\u00f6nnen. Ich werde dieselben Untersuchungen n\u00e4chste Woche haben, allerdings finden meine seltener als bei Butch und Terry statt, da sie bei mir nur medizinisch notwendig sind, die beiden hingegen dienen als Versuchsobjekte f\u00fcr diese auf der Augengesundheit fokussierten Forschung.<br \/>\nAnschlie\u00dfend mussten wir ATV f\u00fcr das Abdocken bereit machen.<\/p>\n<p>Sasha und ich hatten am Donnerstag an Bord eine Trainingssitzung, in der wir all die den Abflug vorbereitenden Ma\u00dfnahmen und unsere Kontrollaufgaben durchgingen. Am Freitag schlossen wir dann die Luken auf ATV- und ISS-Seite und&#8230;ihr habt es geahnt &#8211; ihr wisst ja, wie diese Dinge laufen &#8211; wir machten eine Dichtigkeitspr\u00fcfung.<\/p>\n<p>Wir machten das Vestibulum zwischen den Luken drucklos und beobachteten dann f\u00fcr die n\u00e4chsten 30 Minuten die Druckver\u00e4nderung: W\u00e4re der Druck gestiegen, h\u00e4tte entweder die Luke von ATV oder die der ISS ein Leck und w\u00fcrde Luft ins Vestibulum lassen. Tats\u00e4chlich k\u00fcmmerte sich die Bodenkontrolle in Moskau um die Druckabsenkung: die Vestibula auf der russischen Seite haben Ventile, welche vom Boden aus kontrolliert werden k\u00f6nnen, um Luft in den Weltraum abzulassen. Unsere Luken bestanden den Test mit Bravour: bis zu 0.001 bar Druckanstieg ist erlaubt, wir hatten nur eine \u00c4nderung von 0.0007 bar.<\/p>\n<p>Das war\u2019s, das letzte ATV war bereit zum Abdocken am n\u00e4chsten Tag!<\/p>\n<p><a href=\"https:\/\/www.logbuch-iss.de\/wp-content\/uploads\/2015\/02\/80-82_2-1.jpg\" target=\"_blank\"><img loading=\"lazy\" decoding=\"async\" class=\"aligncenter wp-image-139 size-large\" src=\"https:\/\/www.logbuch-iss.de\/wp-content\/uploads\/2015\/02\/80-82_2-1-1024x770.jpg\" alt=\"80-82_2\" width=\"474\" height=\"356\" srcset=\"https:\/\/www.logbuch-iss.de\/wp-content\/uploads\/2015\/02\/80-82_2-1-1024x770.jpg 1024w, https:\/\/www.logbuch-iss.de\/wp-content\/uploads\/2015\/02\/80-82_2-1-300x226.jpg 300w, https:\/\/www.logbuch-iss.de\/wp-content\/uploads\/2015\/02\/80-82_2-1-768x577.jpg 768w, https:\/\/www.logbuch-iss.de\/wp-content\/uploads\/2015\/02\/80-82_2-1.jpg 1200w\" sizes=\"auto, (max-width: 474px) 100vw, 474px\" \/><\/a><\/p>\n<p>Originaler Logbucheintrag bei Google+<br \/>\n<a href=\"https:\/\/plus.google.com\/112628950566484266163\/posts\/cYqougmTWV7\" target=\"_blank\">https:\/\/plus.google.com\/112628950566484266163\/posts\/cYqougmTWV7<\/a><\/p>\n<p>(Trad IT)\u00a0 Traduzione in italiano a cura di <span class=\"proflinkWrapper\"><span class=\"proflinkPrefix\">+<\/span><a class=\"proflink aaTEdf\" href=\"https:\/\/plus.google.com\/110521588293795504129\" target=\"_blank\">AstronautiNEWS<\/a><\/span>\u00a0 qui:<br \/>\n<a class=\"ot-anchor aaTEdf\" dir=\"ltr\" href=\"http:\/\/www.astronautinews.it\/tag\/logbook\" target=\"_blank\" rel=\"nofollow\">http:\/\/www.astronautinews.it\/tag\/logbook<\/a><\/p>\n<p>(Trad FR) Traduction en fran\u00e7ais par <span class=\"proflinkWrapper\"><span class=\"proflinkPrefix\">+<\/span><a class=\"proflink aaTEdf\" href=\"https:\/\/plus.google.com\/111492230072461896562\" target=\"_blank\">Anne Cpamoa<\/a><\/span> ici:<br \/>\n<a class=\"ot-anchor aaTEdf\" dir=\"ltr\" href=\"https:\/\/spacetux.org\/cpamoa\/category\/traductions\/logbook-samantha\" target=\"_blank\" rel=\"nofollow\">https:\/\/spacetux.org\/cpamoa\/category\/traductions\/logbook-samantha<\/a><\/p>\n<p>(Trad ES) Tradducci\u00f3n en espa\u00f1ol por <span class=\"proflinkWrapper\"><span class=\"proflinkPrefix\">+<\/span><a class=\"proflink aaTEdf\" href=\"https:\/\/plus.google.com\/113164228795140737261\" target=\"_blank\">Carlos Lallana Borobio<\/a><\/span> aqui:<br \/>\n<a class=\"ot-anchor aaTEdf\" dir=\"ltr\" href=\"http:\/\/laesteladegagarin.blogspot.com.es\/search\/label\/SamLogBook\" target=\"_blank\" rel=\"nofollow\">http:\/\/laesteladegagarin.blogspot.com.es\/search\/label\/SamLogBook<\/a><\/p>\n<p>Alle Bilder\u00a0\u00a9 ESA\/NASA<\/p>\n","protected":false},"excerpt":{"rendered":"<p>Nach einem eng gesteckten Zeitplan am Wochenende, um Dragon f\u00fcr den Abflug und die Losl\u00f6sung am Dienstag bereit zu machen, hatten wir am Mittwoch einen Tag frei. Hurra! Ich bin eine Nachteule, also schlafe ich gern aus, wenn ich kann. Dienstagabend, bevor ich zu Bett ging, pr\u00fcfte ich noch einmal den Zeitplan f\u00fcr Mittwoch um &hellip; <a href=\"https:\/\/www.logbuch-iss.de\/?p=137\" class=\"more-link\"><span class=\"screen-reader-text\">L+80 &#8211; L+82: Logbuch<\/span> weiterlesen <span class=\"meta-nav\">&rarr;<\/span><\/a><\/p>\n","protected":false},"author":1,"featured_media":138,"comment_status":"closed","ping_status":"closed","sticky":false,"template":"","format":"standard","meta":{"footnotes":""},"categories":[2],"tags":[7,8,16,26,28,29,33,34,35,36,47,48,51,65,66,67,71,78],"class_list":["post-137","post","type-post","status-publish","format-standard","has-post-thumbnail","hentry","category-allgemein","tag-atv","tag-atv5","tag-cristoforetti","tag-esa","tag-expedition-42","tag-expedition42","tag-futura","tag-futura42","tag-international","tag-internationale","tag-logbook","tag-logbuch","tag-nasa","tag-raumstation","tag-samantha","tag-samlogbook","tag-station","tag-vakuum"],"_links":{"self":[{"href":"https:\/\/www.logbuch-iss.de\/index.php?rest_route=\/wp\/v2\/posts\/137","targetHints":{"allow":["GET"]}}],"collection":[{"href":"https:\/\/www.logbuch-iss.de\/index.php?rest_route=\/wp\/v2\/posts"}],"about":[{"href":"https:\/\/www.logbuch-iss.de\/index.php?rest_route=\/wp\/v2\/types\/post"}],"author":[{"embeddable":true,"href":"https:\/\/www.logbuch-iss.de\/index.php?rest_route=\/wp\/v2\/users\/1"}],"replies":[{"embeddable":true,"href":"https:\/\/www.logbuch-iss.de\/index.php?rest_route=%2Fwp%2Fv2%2Fcomments&post=137"}],"version-history":[{"count":1,"href":"https:\/\/www.logbuch-iss.de\/index.php?rest_route=\/wp\/v2\/posts\/137\/revisions"}],"predecessor-version":[{"id":341,"href":"https:\/\/www.logbuch-iss.de\/index.php?rest_route=\/wp\/v2\/posts\/137\/revisions\/341"}],"wp:featuredmedia":[{"embeddable":true,"href":"https:\/\/www.logbuch-iss.de\/index.php?rest_route=\/wp\/v2\/media\/138"}],"wp:attachment":[{"href":"https:\/\/www.logbuch-iss.de\/index.php?rest_route=%2Fwp%2Fv2%2Fmedia&parent=137"}],"wp:term":[{"taxonomy":"category","embeddable":true,"href":"https:\/\/www.logbuch-iss.de\/index.php?rest_route=%2Fwp%2Fv2%2Fcategories&post=137"},{"taxonomy":"post_tag","embeddable":true,"href":"https:\/\/www.logbuch-iss.de\/index.php?rest_route=%2Fwp%2Fv2%2Ftags&post=137"}],"curies":[{"name":"wp","href":"https:\/\/api.w.org\/{rel}","templated":true}]}}