{"id":116,"date":"2015-02-11T15:06:21","date_gmt":"2015-02-11T14:06:21","guid":{"rendered":"http:\/\/www.logbuch-iss.de\/?p=116"},"modified":"2026-03-16T18:02:04","modified_gmt":"2026-03-16T18:02:04","slug":"l74-l75-logbuch","status":"publish","type":"post","link":"https:\/\/www.logbuch-iss.de\/?p=116","title":{"rendered":"L+74 &#8211; L+75: Logbuch"},"content":{"rendered":"<p>Gestern haben wir Dragon zur\u00fcck nach Hause geschickt! Ich werde euch in den n\u00e4chsten Tagen mehr dar\u00fcber erz\u00e4hlen, aber f\u00fcrs Erste kann ich sagen: Auf die letzten Wochen seit Dragons Ankunft zur\u00fcckblickend ist es sehr zufriedenstellen, \u00fcber all die erledigte Arbeit nachzudenken, von den Experimenten \u00fcber das Be- und Entladen bis zur Verlegung von kalten Proben aus den K\u00fchl- und Gefrierschr\u00e4nken in K\u00fchlbeutel f\u00fcr die R\u00fcckkehr. Es ist allerdings auch sch\u00f6n, heute mal durchatmen zu k\u00f6nnen: da wir das ganze Wochenende hart arbeiten mussten, haben wir diesen Mittwoch frei. Eine nette \u00dcberraschung!<\/p>\n<p>Aber lasst uns noch einmal auf letzte Woche zur\u00fcckkommen und auf die Aussetzung von etwas sehr viel kleinerem an einem etwas kleineren Roboterarm: ein kleiner Cubesat in den Dimensionen 10cm x 10cm x 10cm, ausgesetzt vom japanischen Arm am Freitag. Ziemlich cool anzuschauen!<\/p>\n<p>Es wurden an den Tagen vor der Aussetzung einige Vorbereitungen getroffen, in enger Zusammenarbeit mit dem JEM Kontrollzentrum in Tsukuba, Japan. Wir ihr euch vielleicht erinnern k\u00f6nnt, wenn ihr das Logbuch gelesen habt, hat das JEM Modul seine eigene Luftschleuse: wir k\u00f6nnen eine Luke nach innen \u00f6ffnen und einen Tisch in die Kabine fahren. In der Woche vor der Aussetzung installierte Butch auf diesem Tisch das Aussetzsystem zusammen mit dem Cubesat darin. Am Donnerstag letzter Woche machte ich die Luftschleuse drucklos. \u00dcbrigens hat die japanische Luftschleuse, wie die gro\u00dfe f\u00fcr die Au\u00dfeneins\u00e4tze auch, Vorrichtungen, den Gro\u00dfteil der Luft in die Raumstation zur\u00fcckzugewinnen \u2013 nur das letzte bisschen Luft, wenn der Druck in der Luftschleuse zu gering wird (ungef\u00e4hr 0.14 bar), muss in den Weltraum abgelassen werden. Sobald die Schleuse auf Vakuum-Level war, \u00f6ffnete ich die \u00e4u\u00dfere Luke zum Weltraum und lie\u00df den Tisch mit dem Satelliten und dem Aussetzsystem hinausgleiten. Ab diesem Zeitpunkt \u00fcbernahmen die Kollegen in Tsukuba die Kontrolle und griffen das Aussetzsystem mit dem japanischen Roboterarm und, nachdem sie es fest im Griff hatten, bekam ich das Go, es vom Tisch loszul\u00f6sen, sodass der Arm volle Kontrolle dar\u00fcber hatte und es in die Aussetzposition bewegen konnte. Meine n\u00e4chste Aufgabe war es, Bilder vom Aussetzen zu machen und ich muss sagen, dass mich das etwas nerv\u00f6s machte: Man bekommt nur eine Chance, den richtigen Moment zu treffen und der Satellit bewegt sich schnell fort, sobald er ausgesetzt ist! Das wollte ich wirklich nicht vermasseln, ich kann mir die Entt\u00e4uschung der Studenten, die den Cubesat entwickelten und davon keine Bilder h\u00e4tten, kaum vorstellen.<\/p>\n<p><a href=\"https:\/\/www.logbuch-iss.de\/wp-content\/uploads\/2015\/02\/74-75-1.jpg\" target=\"_blank\"><img loading=\"lazy\" decoding=\"async\" class=\"aligncenter wp-image-117 size-large\" src=\"https:\/\/www.logbuch-iss.de\/wp-content\/uploads\/2015\/02\/74-75-1-1024x683.jpg\" alt=\"74-75\" width=\"474\" height=\"316\" srcset=\"https:\/\/www.logbuch-iss.de\/wp-content\/uploads\/2015\/02\/74-75-1-1024x683.jpg 1024w, https:\/\/www.logbuch-iss.de\/wp-content\/uploads\/2015\/02\/74-75-1-300x200.jpg 300w, https:\/\/www.logbuch-iss.de\/wp-content\/uploads\/2015\/02\/74-75-1-768x512.jpg 768w, https:\/\/www.logbuch-iss.de\/wp-content\/uploads\/2015\/02\/74-75-1-1536x1024.jpg 1536w, https:\/\/www.logbuch-iss.de\/wp-content\/uploads\/2015\/02\/74-75-1.jpg 2048w\" sizes=\"auto, (max-width: 474px) 100vw, 474px\" \/><\/a><\/p>\n<p>Wo ich gerade \u00fcber Studenten spreche, am Mittwoch hatte ich au\u00dferdem die M\u00f6glichkeit, \u00fcber Amateurfunk mit einer Gruppe Sch\u00fcler der Schulen \u201eLocatelli-Oriani\u201c und \u201eBachelet\u201c aus der Gegend um Mailand zu sprechen: danke f\u00fcr euren tollen Fragen und eure harte Arbeit w\u00e4hrend der Vorbereitung hierf\u00fcr!<\/p>\n<p>Am Freitag verbrachte ich einige Zeit in unserer Luftschleuse mit der Arbeit an den EMU Anz\u00fcgen f\u00fcr die Au\u00dfeneins\u00e4tze. Ich arbeitete an den K\u00fchlwasserkreisl\u00e4ufen beider Anz\u00fcge, die bei den f\u00fcr Terry und Butch geplanten Au\u00dfeneins\u00e4tzen genutzt werden und reinigte das Wasser mit verschiedenen Arten von Filtern und durch das Hinzuf\u00fcgen von Jod zur mikrobiellen \u00dcberwachung. Anschlie\u00dfend nahm ich Wasserproben, die mit Dragon zur Kontrolle am Boden zur\u00fcckkehrten. Die Reinigung des K\u00fchlkreislaufs kann auch dazu genutzt werden, Checks an den Anz\u00fcgen zu durchzuf\u00fchren und Telemetriedaten zur Bodenkontrolle zu schicken, daher wurden beide Anz\u00fcge an einen Laptop angeschlossen, auf dem eine Software zur Datenerfassung lief.<\/p>\n<p>Am Freitag konnte ich \u00fcbrigens auch mit der Kontrollstation in Moskau sprechen, wozu wir nicht-russischen Besatzungsmitglieder nicht oft die M\u00f6glichkeit kriegen. W\u00e4hrend wir uns auf das Abdocken von ATV am Samstag vorbereiten, f\u00fchrte ich eine Pr\u00fcfungsprozedur f\u00fcr das ATV Fernsteuerungspanel durch, welches wir im russischen Servicemodul haben werden, wenn ATV abreist. Wir werden nur im Falle von nicht-normalen Situationen Kommandos an ATV senden m\u00fcssen. Daher gehe ich davon aus, dass wir das Kontrollpanel nicht wirklich brauchen, aber wir werden trotzdem bereit sein!<\/p>\n<p>Originaler Logbucheintrag bei Google+<br \/>\n<a href=\"https:\/\/plus.google.com\/u\/0\/112628950566484266163\/posts\/8NztKa8SKPV\" target=\"_blank\">https:\/\/plus.google.com\/u\/0\/112628950566484266163\/posts\/8NztKa8SKPV<\/a><\/p>\n<p>(Trad IT)\u00a0 Traduzione in italiano a cura di <span class=\"proflinkWrapper\"><span class=\"proflinkPrefix\">+<\/span><a class=\"proflink aaTEdf\" href=\"https:\/\/plus.google.com\/110521588293795504129\" target=\"_blank\">AstronautiNEWS<\/a><\/span>\u00a0 qui:<br \/>\n<a class=\"ot-anchor aaTEdf\" dir=\"ltr\" href=\"http:\/\/www.astronautinews.it\/tag\/logbook\" target=\"_blank\" rel=\"nofollow\">http:\/\/www.astronautinews.it\/tag\/logbook<\/a><\/p>\n<p>(Trad FR) Traduction en fran\u00e7ais par <span class=\"proflinkWrapper\"><span class=\"proflinkPrefix\">+<\/span><a class=\"proflink aaTEdf\" href=\"https:\/\/plus.google.com\/111492230072461896562\" target=\"_blank\">Anne Cpamoa<\/a><\/span> ici:<br \/>\n<a class=\"ot-anchor aaTEdf\" dir=\"ltr\" href=\"https:\/\/spacetux.org\/cpamoa\/category\/traductions\/logbook-samantha\" target=\"_blank\" rel=\"nofollow\">https:\/\/spacetux.org\/cpamoa\/category\/traductions\/logbook-samantha<\/a><\/p>\n<p>(Trad ES) Tradducci\u00f3n en espa\u00f1ol por <span class=\"proflinkWrapper\"><span class=\"proflinkPrefix\">+<\/span><a class=\"proflink aaTEdf\" href=\"https:\/\/plus.google.com\/113164228795140737261\" target=\"_blank\">Carlos Lallana Borobio<\/a><\/span> aqui:<br \/>\n<a class=\"ot-anchor aaTEdf\" dir=\"ltr\" href=\"http:\/\/laesteladegagarin.blogspot.com.es\/search\/label\/SamLogBook\" target=\"_blank\" rel=\"nofollow\">http:\/\/laesteladegagarin.blogspot.com.es\/search\/label\/SamLogBook<\/a><\/p>\n<p>Alle Bilder\u00a0\u00a9 ESA\/NASA<\/p>\n","protected":false},"excerpt":{"rendered":"<p>Gestern haben wir Dragon zur\u00fcck nach Hause geschickt! Ich werde euch in den n\u00e4chsten Tagen mehr dar\u00fcber erz\u00e4hlen, aber f\u00fcrs Erste kann ich sagen: Auf die letzten Wochen seit Dragons Ankunft zur\u00fcckblickend ist es sehr zufriedenstellen, \u00fcber all die erledigte Arbeit nachzudenken, von den Experimenten \u00fcber das Be- und Entladen bis zur Verlegung von kalten &hellip; <a href=\"https:\/\/www.logbuch-iss.de\/?p=116\" class=\"more-link\"><span class=\"screen-reader-text\">L+74 &#8211; L+75: Logbuch<\/span> weiterlesen <span class=\"meta-nav\">&rarr;<\/span><\/a><\/p>\n","protected":false},"author":1,"featured_media":118,"comment_status":"closed","ping_status":"closed","sticky":false,"template":"","format":"standard","meta":{"footnotes":""},"categories":[2],"tags":[7,8,9,16,17,20,24,26,27,28,29,33,34,35,36,47,48,51,65,66,67,71,78,81],"class_list":["post-116","post","type-post","status-publish","format-standard","has-post-thumbnail","hentry","category-allgemein","tag-atv","tag-atv5","tag-ausseneinsatz","tag-cristoforetti","tag-cubesat","tag-dragon","tag-emu","tag-esa","tag-eva","tag-expedition-42","tag-expedition42","tag-futura","tag-futura42","tag-international","tag-internationale","tag-logbook","tag-logbuch","tag-nasa","tag-raumstation","tag-samantha","tag-samlogbook","tag-station","tag-vakuum","tag-wasser"],"_links":{"self":[{"href":"https:\/\/www.logbuch-iss.de\/index.php?rest_route=\/wp\/v2\/posts\/116","targetHints":{"allow":["GET"]}}],"collection":[{"href":"https:\/\/www.logbuch-iss.de\/index.php?rest_route=\/wp\/v2\/posts"}],"about":[{"href":"https:\/\/www.logbuch-iss.de\/index.php?rest_route=\/wp\/v2\/types\/post"}],"author":[{"embeddable":true,"href":"https:\/\/www.logbuch-iss.de\/index.php?rest_route=\/wp\/v2\/users\/1"}],"replies":[{"embeddable":true,"href":"https:\/\/www.logbuch-iss.de\/index.php?rest_route=%2Fwp%2Fv2%2Fcomments&post=116"}],"version-history":[{"count":1,"href":"https:\/\/www.logbuch-iss.de\/index.php?rest_route=\/wp\/v2\/posts\/116\/revisions"}],"predecessor-version":[{"id":343,"href":"https:\/\/www.logbuch-iss.de\/index.php?rest_route=\/wp\/v2\/posts\/116\/revisions\/343"}],"wp:featuredmedia":[{"embeddable":true,"href":"https:\/\/www.logbuch-iss.de\/index.php?rest_route=\/wp\/v2\/media\/118"}],"wp:attachment":[{"href":"https:\/\/www.logbuch-iss.de\/index.php?rest_route=%2Fwp%2Fv2%2Fmedia&parent=116"}],"wp:term":[{"taxonomy":"category","embeddable":true,"href":"https:\/\/www.logbuch-iss.de\/index.php?rest_route=%2Fwp%2Fv2%2Fcategories&post=116"},{"taxonomy":"post_tag","embeddable":true,"href":"https:\/\/www.logbuch-iss.de\/index.php?rest_route=%2Fwp%2Fv2%2Ftags&post=116"}],"curies":[{"name":"wp","href":"https:\/\/api.w.org\/{rel}","templated":true}]}}